{"id":3129,"date":"2018-07-24T18:01:41","date_gmt":"2018-07-24T16:01:41","guid":{"rendered":"http:\/\/studiodentisticovignoletti.it\/parodontite-cose-quali-sono-i-sintomi-e-come-si-cura\/"},"modified":"2018-07-24T18:01:41","modified_gmt":"2018-07-24T16:01:41","slug":"parodontite-cose-quali-sono-i-sintomi-e-come-si-cura","status":"publish","type":"post","link":"https:\/\/studiodentisticovignoletti.it\/en\/parodontite-cose-quali-sono-i-sintomi-e-come-si-cura\/","title":{"rendered":"Parodontite: cos\u2019\u00e8, quali sono i sintomi e come si cura"},"content":{"rendered":"<p><span style=\"font-weight: 400;\">Solo un italiano su quattro conosce i sintomi e le conseguenze della piorrea, tra le pi\u00f9 gravi e sottovalutate patologie dentali.<\/span><\/p>\n<p><!--more--><\/p>\n<p>La parodontite, o piorrea, \u00e8 la <strong>prima causa di perdita dei denti<\/strong>.<\/p>\n<p>Questa patologia molto diffusa in Italia e nel mondo \u00e8 <a href=\"http:\/\/www.ansa.it\/canale_saluteebenessere\/notizie\/salute_denti_gengive\/2018\/02\/05\/impianti-dentali-possono-ammalarsi-come-i-denti-veri_83f74ea5-a77f-436f-b2c9-ab85d3584af8.html\" target=\"_blank\" rel=\"noopener\">responsabile del 40% dei denti persi in un adulto<\/a>.<\/p>\n<p>Secondo uno <a href=\"https:\/\/www.corriereadriatico.it\/sonar\/salute\/sonar_salute_parodontite_infezione_pericolosa_trascurata-3459627.html\">studio recente<\/a> divulgato ad inizio 2018 dalla <a href=\"http:\/\/www.sidp.it\/\">SIdP<\/a> (Societ\u00e0 Italiana di Parodontologia e Implantologia), la malattia interessa circa il <strong>60% della popolazione italiana<\/strong>, in forme gravi nel 10-14% dei casi. E le persone con et\u00e0 compresa tra i 35 e i 44 anni hanno una maggiore probabilit\u00e0 di contrarla.<\/p>\n<p>La stessa ricerca ha fatto emergere un dato preoccupante: <strong>solo un italiano su quattro sa di soffrire di parodontite<\/strong>, e ne conosce le reali conseguenze.<\/p>\n<p>Per questo lavoriamo con una missione: <strong>educare per prevenire<\/strong>. Crediamo infatti che la corretta informazione sia la prima cura, forse la pi\u00f9 efficace, per ridurre il rischio di malattie.<\/p>\n<p>Esaminiamo insieme gli aspetti principali della parodontite, <strong>cerchiamo di capire come prevenirla e poi curarla<\/strong>.<\/p>\n<div class=\"x-resp-embed x-is-video x-is-youtube\"><iframe loading=\"lazy\" width=\"1380\" height=\"776\" src=\"https:\/\/www.youtube.com\/embed\/ujAkweeGf_A?feature=oembed\" frameborder=\"0\" allow=\"accelerometer; autoplay; encrypted-media; gyroscope; picture-in-picture\" allowfullscreen><\/iframe><\/div>\n<div id=\"ez-toc-container\" class=\"ez-toc-v2_0_81 ez-toc-wrap-left counter-hierarchy ez-toc-counter ez-toc-white ez-toc-container-direction\">\n<p class=\"ez-toc-title\" style=\"cursor:inherit\">Indice dei contenuti<\/p>\n<label for=\"ez-toc-cssicon-toggle-item-69f25d01ab859\" class=\"ez-toc-cssicon-toggle-label\"><span class=\"\"><span class=\"eztoc-hide\" style=\"display:none;\">Toggle<\/span><span class=\"ez-toc-icon-toggle-span\"><svg style=\"fill: #999;color:#999\" xmlns=\"http:\/\/www.w3.org\/2000\/svg\" class=\"list-377408\" width=\"20px\" height=\"20px\" viewBox=\"0 0 24 24\" fill=\"none\"><path d=\"M6 6H4v2h2V6zm14 0H8v2h12V6zM4 11h2v2H4v-2zm16 0H8v2h12v-2zM4 16h2v2H4v-2zm16 0H8v2h12v-2z\" fill=\"currentColor\"><\/path><\/svg><svg style=\"fill: #999;color:#999\" class=\"arrow-unsorted-368013\" xmlns=\"http:\/\/www.w3.org\/2000\/svg\" width=\"10px\" height=\"10px\" viewBox=\"0 0 24 24\" version=\"1.2\" baseProfile=\"tiny\"><path d=\"M18.2 9.3l-6.2-6.3-6.2 6.3c-.2.2-.3.4-.3.7s.1.5.3.7c.2.2.4.3.7.3h11c.3 0 .5-.1.7-.3.2-.2.3-.5.3-.7s-.1-.5-.3-.7zM5.8 14.7l6.2 6.3 6.2-6.3c.2-.2.3-.5.3-.7s-.1-.5-.3-.7c-.2-.2-.4-.3-.7-.3h-11c-.3 0-.5.1-.7.3-.2.2-.3.5-.3.7s.1.5.3.7z\"\/><\/svg><\/span><\/span><\/label><input type=\"checkbox\" style='display:none' id=\"ez-toc-cssicon-toggle-item-69f25d01ab859\"  aria-label=\"Toggle\" \/><nav><ul class='ez-toc-list ez-toc-list-level-1 ' ><li class='ez-toc-page-1 ez-toc-heading-level-2'><a class=\"ez-toc-link ez-toc-heading-1\" href=\"https:\/\/studiodentisticovignoletti.it\/en\/parodontite-cose-quali-sono-i-sintomi-e-come-si-cura\/#Che-cose-la-parodontite\" >Che cos\u2019\u00e8 la parodontite?<\/a><\/li><li class='ez-toc-page-1 ez-toc-heading-level-2'><a class=\"ez-toc-link ez-toc-heading-2\" href=\"https:\/\/studiodentisticovignoletti.it\/en\/parodontite-cose-quali-sono-i-sintomi-e-come-si-cura\/#La-parodontite-e-le-malattie-sistemiche\" >La parodontite e le malattie sistemiche<\/a><\/li><li class='ez-toc-page-1 ez-toc-heading-level-2'><a class=\"ez-toc-link ez-toc-heading-3\" href=\"https:\/\/studiodentisticovignoletti.it\/en\/parodontite-cose-quali-sono-i-sintomi-e-come-si-cura\/#Quali-sono-le-cause-della-parodontite\" >Quali sono le cause della parodontite?<\/a><\/li><li class='ez-toc-page-1 ez-toc-heading-level-2'><a class=\"ez-toc-link ez-toc-heading-4\" href=\"https:\/\/studiodentisticovignoletti.it\/en\/parodontite-cose-quali-sono-i-sintomi-e-come-si-cura\/#I-sintomi-iniziali-della-parodontite\" >I sintomi iniziali della parodontite<\/a><\/li><li class='ez-toc-page-1 ez-toc-heading-level-2'><a class=\"ez-toc-link ez-toc-heading-5\" href=\"https:\/\/studiodentisticovignoletti.it\/en\/parodontite-cose-quali-sono-i-sintomi-e-come-si-cura\/#La-diagnosi-della-parodontite\" >La diagnosi della parodontite<\/a><\/li><\/ul><\/nav><\/div>\n<h2><span class=\"ez-toc-section\" id=\"Che-cose-la-parodontite\"><\/span>Che cos\u2019\u00e8 la parodontite?<span class=\"ez-toc-section-end\"><\/span><\/h2>\n<p><img loading=\"lazy\" decoding=\"async\" class=\"size-large wp-image-2050 aligncenter\" src=\"http:\/\/studiodentisticovignoletti.it\/wp-content\/uploads\/2018\/07\/01-parodontite-1024x288.jpg\" alt=\"\" width=\"1024\" height=\"288\" srcset=\"https:\/\/studiodentisticovignoletti.it\/wp-content\/uploads\/2018\/07\/01-parodontite-1024x288.jpg 1024w, https:\/\/studiodentisticovignoletti.it\/wp-content\/uploads\/2018\/07\/01-parodontite-300x84.jpg 300w, https:\/\/studiodentisticovignoletti.it\/wp-content\/uploads\/2018\/07\/01-parodontite-768x216.jpg 768w, https:\/\/studiodentisticovignoletti.it\/wp-content\/uploads\/2018\/07\/01-parodontite-100x28.jpg 100w, https:\/\/studiodentisticovignoletti.it\/wp-content\/uploads\/2018\/07\/01-parodontite-1500x422.jpg 1500w, https:\/\/studiodentisticovignoletti.it\/wp-content\/uploads\/2018\/07\/01-parodontite.jpg 1920w\" sizes=\"auto, (max-width: 1024px) 100vw, 1024px\" \/><\/p>\n<p>La parodontite viene chiamata <strong>piorrea<\/strong> nel linguaggio comune ed \u00e8 stata a volte descritta come una carie dell\u2019osso.<\/p>\n<p>\u00c8 <strong>un\u2019infezione batterica che colpisce i tessuti di supporto del dente<\/strong>. Il processo infiammatorio conseguente all\u2019aggressione batterica provoca il riassorbimento dell\u2019osso che sostiene il dente all\u2019interno delle ossa mascellari. La progressione della malattia \u00e8 normalmente lenta ma porta inesorabilmente, se non trattata, alla perdita dell\u2019elemento dentario, che non ha pi\u00f9 l\u2019adeguato sostegno osseo.<\/p>\n<p>Il termine parodontite deriva appunto da periodonto &#8211; \u201cattorno al dente\u201d -, dove troviamo il legamento parodontale, un insieme di fasci connettivali fibrosi che avvolge la radice del dente e la congiunge alle pareti dell\u2019alveolo, garantendo la stabilit\u00e0 del dente stesso.<\/p>\n<p>La parodontite \u00e8 considerata nelle sue fasi avanzate una patologia grave non soltanto per le sue dirette conseguenze sulla perdita dei denti, ma anche perch\u00e9 \u00e8 <strong>associata alla salute generale del paziente<\/strong>. Numerosi studi clinici evidenziano uno stretto legame tra parodontite e alti livelli di infiammazione sistemica.<\/p>\n<p><strong>LEGGI ANCHE:<\/strong> <a href=\"http:\/\/studiodentisticovignoletti.it\/en\/quali-cause-come-si-corregge-sorriso-gengivale\/\">Sorriso gengivale: quali sono le cause e come si corregge<\/a><\/p>\n<p style=\"text-align: center;\"><a class=\"x-btn\" href=\"tel:0458344053\">Vuoi fissare un appuntamento con uno specialista? Chiamaci<\/a><\/p>\n<h2><span class=\"ez-toc-section\" id=\"La-parodontite-e-le-malattie-sistemiche\"><\/span>La parodontite e le malattie sistemiche<span class=\"ez-toc-section-end\"><\/span><\/h2>\n<p><img loading=\"lazy\" decoding=\"async\" class=\"aligncenter wp-image-2048 size-large\" src=\"http:\/\/studiodentisticovignoletti.it\/wp-content\/uploads\/2018\/07\/02-malattie-infiammatorie-croniche-1024x576.jpg\" alt=\"\" width=\"1024\" height=\"576\" srcset=\"https:\/\/studiodentisticovignoletti.it\/wp-content\/uploads\/2018\/07\/02-malattie-infiammatorie-croniche-1024x576.jpg 1024w, https:\/\/studiodentisticovignoletti.it\/wp-content\/uploads\/2018\/07\/02-malattie-infiammatorie-croniche-300x169.jpg 300w, https:\/\/studiodentisticovignoletti.it\/wp-content\/uploads\/2018\/07\/02-malattie-infiammatorie-croniche-768x432.jpg 768w, https:\/\/studiodentisticovignoletti.it\/wp-content\/uploads\/2018\/07\/02-malattie-infiammatorie-croniche-100x56.jpg 100w, https:\/\/studiodentisticovignoletti.it\/wp-content\/uploads\/2018\/07\/02-malattie-infiammatorie-croniche-1500x844.jpg 1500w, https:\/\/studiodentisticovignoletti.it\/wp-content\/uploads\/2018\/07\/02-malattie-infiammatorie-croniche.jpg 1920w\" sizes=\"auto, (max-width: 1024px) 100vw, 1024px\" \/><\/p>\n<p>Approfondiamo l\u2019argomento. In quanto infezione batterica, la parodontite sottopone il paziente &#8211; soprattutto chi soffre di forme gravi della malattia &#8211; ad un rischio da non sottovalutare: <strong>il passaggio dei batteri dalle radici dei denti al sangue<\/strong>.<\/p>\n<p><strong>LEGGI ANCHE:<\/strong> <a href=\"http:\/\/studiodentisticovignoletti.it\/en\/come-lavarsi-i-denti-in-modo-corretto-e-quale-spazzolino-usare\/\">Come lavarsi i denti in modo corretto e quale spazzolino usare<\/a><\/p>\n<p>In alcuni casi i batteri, attraverso la circolazione sanguigna, raggiungono gli altri organi del corpo e fanno insorgere o aggravano situazioni infiammatorie importanti gi\u00e0 esistenti.<\/p>\n<p>I batteri e le tossine originati dalla parodontite, e messi in circolo dal sangue, <strong>possono incidere su alcune malattie infiammatorie croniche<\/strong>:<\/p>\n<ul>\n<li>patologie cardio-vascolari (ad esempio l\u2019aterosclerosi, causa di infarti ed ictus)<\/li>\n<li>patologie dismetaboliche (ad esempio il diabete)<\/li>\n<li>patologie della gravidanza: parto pretermine.<\/li>\n<\/ul>\n<p>Pertanto il trattamento del paziente parodontopatico pu\u00f2 ridurre il rischio di contrarre altre gravi malattie sistemiche.<\/p>\n<h2><span class=\"ez-toc-section\" id=\"Quali-sono-le-cause-della-parodontite\"><\/span>Quali sono le cause della parodontite?<span class=\"ez-toc-section-end\"><\/span><\/h2>\n<p>La Societ\u00e0 Italiana di Parodontologia e Implantologia ha elencato i <a href=\"http:\/\/www.sidp.it\/media\/tazz32a.pdf\">principali fattori che determinano l\u2019insorgere di malattie parodontali<\/a>:<\/p>\n<ul>\n<li>cattiva igiene orale<\/li>\n<li>fumo<\/li>\n<li>stress<\/li>\n<li>diabete e alcune malattie sistemiche<\/li>\n<li>ereditariet\u00e0 genetica<\/li>\n<\/ul>\n<h2><span class=\"ez-toc-section\" id=\"I-sintomi-iniziali-della-parodontite\"><\/span>I sintomi iniziali della parodontite<span class=\"ez-toc-section-end\"><\/span><\/h2>\n<p>Sanguinamento durante la masticazione degli alimenti o lo spazzolamento dei denti e alitosi sono i primi campanelli d\u2019allarme che devono allertare i pazienti sulla possibile presenza di parodontite. Il sanguinamento viene per\u00f2 mascherato nei pazienti fumatori, in quanto la vasocostrizione locale prodotta dal tabacco evita il sanguinamento delle gengive.<\/p>\n<p><strong>LEGGI ANCHE:<\/strong> <a href=\"http:\/\/studiodentisticovignoletti.it\/en\/fumo-e-denti-alcune-statistiche-interessanti-e-gli-effetti-sui-fumatori\/\">Fumo e denti: alcune statistiche interessanti e gli effetti sui fumatori<\/a><\/p>\n<p>Altri sintomi che il paziente dovrebbe considerare sono la <strong>recessione gengivale<\/strong> \u2013 ovvero le gengive che si ritirano lasciando scoperta parte della radice del dente. In fase tardiva si osservano poi, la mobilit\u00e0 dei denti e l\u2019aumento dello spazio tra gli stessi. In alcuni casi l\u2019infezione molto avanzata, pu\u00f2 portare alla formazione di ascessi localizzati gengivali che possono essere molto dolorosi.<\/p>\n<p>\u00c8 importante sottolineare che la sintomatologia \u00e8 <strong>dolorosa solo nelle fasi tardive della malattia<\/strong> quando questa \u00e8 difficilmente curabile. Chi non previene o non cura la malattia nelle sue prime fasi, rischia quindi di andare incontro alla perdita di uno o pi\u00f9 denti.<\/p>\n<h2><span class=\"ez-toc-section\" id=\"La-diagnosi-della-parodontite\"><\/span>La diagnosi della parodontite<span class=\"ez-toc-section-end\"><\/span><\/h2>\n<p><img loading=\"lazy\" decoding=\"async\" class=\"aligncenter wp-image-2049 size-large\" src=\"http:\/\/studiodentisticovignoletti.it\/wp-content\/uploads\/2018\/07\/03-La-diagnosi-della-parodontite-1024x288.jpg\" alt=\"\" width=\"1024\" height=\"288\" srcset=\"https:\/\/studiodentisticovignoletti.it\/wp-content\/uploads\/2018\/07\/03-La-diagnosi-della-parodontite-1024x288.jpg 1024w, https:\/\/studiodentisticovignoletti.it\/wp-content\/uploads\/2018\/07\/03-La-diagnosi-della-parodontite-300x84.jpg 300w, https:\/\/studiodentisticovignoletti.it\/wp-content\/uploads\/2018\/07\/03-La-diagnosi-della-parodontite-768x216.jpg 768w, https:\/\/studiodentisticovignoletti.it\/wp-content\/uploads\/2018\/07\/03-La-diagnosi-della-parodontite-100x28.jpg 100w, https:\/\/studiodentisticovignoletti.it\/wp-content\/uploads\/2018\/07\/03-La-diagnosi-della-parodontite-1500x422.jpg 1500w, https:\/\/studiodentisticovignoletti.it\/wp-content\/uploads\/2018\/07\/03-La-diagnosi-della-parodontite.jpg 1920w\" sizes=\"auto, (max-width: 1024px) 100vw, 1024px\" \/><\/p>\n<p>L\u2019analisi dello stato di salute o di malattia dei tessuti parodontali si esegue attraverso il cosiddetto \u201c<strong>sondaggio parodontale<\/strong>\u201d. Si tratta di un processo diagnostico fondamentale condotto mediante una sonda parodontale millimetrata, applicata fra dente e gengiva lungo tutta la circonferenza. Il sondaggio rileva una serie di dati, come la profondit\u00e0 del solco gengivale, il livello di attacco del dente e la presenza di tartaro subgengivale. Il solco in condizioni fisiologiche misura tra 0 e 3 millimetri. Se questa misura supera i 3 mm di profondit\u00e0 non \u00e8 pi\u00f9 una condizione fisiologica, ma bensi patologica e prende il nome di tasca parodontale.<\/p>\n<p>Se il dentista lo ritiene necessario, il paziente viene sottoposto anche ad alcuni esami radiografici specifici ed in laboratorio per un quadro clinico, radiologico e microbiologico completo.<\/p>\n<p>Questi metodi <strong>non sono in alcun modo dolorosi per il paziente<\/strong> e forniscono al parodontologo un quadro completo per poter stabilire un\u2019appropriata diagnosi e piano di trattamento.<\/p>\n<p style=\"text-align: center;\"><a class=\"x-btn\" href=\"tel:0458344053\">Vuoi fissare un appuntamento con uno specialista? Chiamaci<\/a><\/p>\n","protected":false},"excerpt":{"rendered":"<p>Solo un italiano su quattro conosce i sintomi e le conseguenze della piorrea, tra le pi\u00f9 gravi e sottovalutate patologie dentali.<\/p>\n","protected":false},"author":4,"featured_media":2799,"comment_status":"closed","ping_status":"open","sticky":false,"template":"","format":"standard","meta":{"ngg_post_thumbnail":0,"footnotes":""},"categories":[37],"tags":[],"class_list":["post-3129","post","type-post","status-publish","format-standard","has-post-thumbnail","hentry","category-news"],"yoast_head":"<!-- This site is optimized with the Yoast SEO plugin v27.1.1 - https:\/\/yoast.com\/product\/yoast-seo-wordpress\/ -->\n<title>Parodontite: cos\u2019\u00e8, quali sono i sintomi e come si cura - Studio Dentistico Vignoletti - Dentista Verona<\/title>\n<meta name=\"robots\" content=\"index, follow, max-snippet:-1, max-image-preview:large, max-video-preview:-1\" \/>\n<link rel=\"canonical\" href=\"https:\/\/studiodentisticovignoletti.it\/en\/parodontite-cose-quali-sono-i-sintomi-e-come-si-cura\/\" \/>\n<meta property=\"og:locale\" content=\"en_US\" \/>\n<meta property=\"og:type\" content=\"article\" \/>\n<meta property=\"og:title\" content=\"Parodontite: cos\u2019\u00e8, quali sono i sintomi e come si cura - Studio Dentistico Vignoletti - Dentista Verona\" \/>\n<meta property=\"og:description\" content=\"Solo un italiano su quattro conosce i sintomi e le conseguenze della piorrea, tra le pi\u00f9 gravi e sottovalutate patologie dentali.\" \/>\n<meta property=\"og:url\" content=\"https:\/\/studiodentisticovignoletti.it\/en\/parodontite-cose-quali-sono-i-sintomi-e-come-si-cura\/\" \/>\n<meta property=\"og:site_name\" content=\"Studio Dentistico Vignoletti\" \/>\n<meta property=\"article:published_time\" content=\"2018-07-24T16:01:41+00:00\" \/>\n<meta property=\"og:image\" content=\"https:\/\/studiodentisticovignoletti.it\/wp-content\/uploads\/2018\/07\/00-copertina.jpg\" \/>\n\t<meta property=\"og:image:width\" content=\"1920\" \/>\n\t<meta property=\"og:image:height\" content=\"1080\" \/>\n\t<meta property=\"og:image:type\" content=\"image\/jpeg\" \/>\n<meta name=\"author\" content=\"gestione.sito\" \/>\n<meta name=\"twitter:label1\" content=\"Written by\" \/>\n\t<meta name=\"twitter:data1\" content=\"gestione.sito\" \/>\n\t<meta name=\"twitter:label2\" content=\"Est. reading time\" \/>\n\t<meta name=\"twitter:data2\" content=\"4 minutes\" \/>\n<!-- \/ Yoast SEO plugin. -->","yoast_head_json":{"title":"Parodontite: cos\u2019\u00e8, quali sono i sintomi e come si cura - Studio Dentistico Vignoletti - Dentista Verona","robots":{"index":"index","follow":"follow","max-snippet":"max-snippet:-1","max-image-preview":"max-image-preview:large","max-video-preview":"max-video-preview:-1"},"canonical":"https:\/\/studiodentisticovignoletti.it\/en\/parodontite-cose-quali-sono-i-sintomi-e-come-si-cura\/","og_locale":"en_US","og_type":"article","og_title":"Parodontite: cos\u2019\u00e8, quali sono i sintomi e come si cura - Studio Dentistico Vignoletti - Dentista Verona","og_description":"Solo un italiano su quattro conosce i sintomi e le conseguenze della piorrea, tra le pi\u00f9 gravi e sottovalutate patologie dentali.","og_url":"https:\/\/studiodentisticovignoletti.it\/en\/parodontite-cose-quali-sono-i-sintomi-e-come-si-cura\/","og_site_name":"Studio Dentistico Vignoletti","article_published_time":"2018-07-24T16:01:41+00:00","og_image":[{"width":1920,"height":1080,"url":"https:\/\/studiodentisticovignoletti.it\/wp-content\/uploads\/2018\/07\/00-copertina.jpg","type":"image\/jpeg"}],"author":"gestione.sito","twitter_misc":{"Written by":"gestione.sito","Est. reading time":"4 minutes"},"schema":{"@context":"https:\/\/schema.org","@graph":[{"@type":"Article","@id":"https:\/\/studiodentisticovignoletti.it\/en\/parodontite-cose-quali-sono-i-sintomi-e-come-si-cura\/#article","isPartOf":{"@id":"https:\/\/studiodentisticovignoletti.it\/en\/parodontite-cose-quali-sono-i-sintomi-e-come-si-cura\/"},"author":{"name":"gestione.sito","@id":"https:\/\/studiodentisticovignoletti.it\/#\/schema\/person\/757e07561153d03a97ae34f0e4ea2d1e"},"headline":"Parodontite: cos\u2019\u00e8, quali sono i sintomi e come si cura","datePublished":"2018-07-24T16:01:41+00:00","mainEntityOfPage":{"@id":"https:\/\/studiodentisticovignoletti.it\/en\/parodontite-cose-quali-sono-i-sintomi-e-come-si-cura\/"},"wordCount":881,"publisher":{"@id":"https:\/\/studiodentisticovignoletti.it\/#organization"},"image":{"@id":"https:\/\/studiodentisticovignoletti.it\/en\/parodontite-cose-quali-sono-i-sintomi-e-come-si-cura\/#primaryimage"},"thumbnailUrl":"https:\/\/studiodentisticovignoletti.it\/wp-content\/uploads\/2018\/07\/00-copertina.jpg","articleSection":["News"],"inLanguage":"en-US"},{"@type":"WebPage","@id":"https:\/\/studiodentisticovignoletti.it\/en\/parodontite-cose-quali-sono-i-sintomi-e-come-si-cura\/","url":"https:\/\/studiodentisticovignoletti.it\/en\/parodontite-cose-quali-sono-i-sintomi-e-come-si-cura\/","name":"Parodontite: cos\u2019\u00e8, quali sono i sintomi e come si cura - Studio Dentistico Vignoletti - Dentista Verona","isPartOf":{"@id":"https:\/\/studiodentisticovignoletti.it\/#website"},"primaryImageOfPage":{"@id":"https:\/\/studiodentisticovignoletti.it\/en\/parodontite-cose-quali-sono-i-sintomi-e-come-si-cura\/#primaryimage"},"image":{"@id":"https:\/\/studiodentisticovignoletti.it\/en\/parodontite-cose-quali-sono-i-sintomi-e-come-si-cura\/#primaryimage"},"thumbnailUrl":"https:\/\/studiodentisticovignoletti.it\/wp-content\/uploads\/2018\/07\/00-copertina.jpg","datePublished":"2018-07-24T16:01:41+00:00","breadcrumb":{"@id":"https:\/\/studiodentisticovignoletti.it\/en\/parodontite-cose-quali-sono-i-sintomi-e-come-si-cura\/#breadcrumb"},"inLanguage":"en-US","potentialAction":[{"@type":"ReadAction","target":["https:\/\/studiodentisticovignoletti.it\/en\/parodontite-cose-quali-sono-i-sintomi-e-come-si-cura\/"]}]},{"@type":"ImageObject","inLanguage":"en-US","@id":"https:\/\/studiodentisticovignoletti.it\/en\/parodontite-cose-quali-sono-i-sintomi-e-come-si-cura\/#primaryimage","url":"https:\/\/studiodentisticovignoletti.it\/wp-content\/uploads\/2018\/07\/00-copertina.jpg","contentUrl":"https:\/\/studiodentisticovignoletti.it\/wp-content\/uploads\/2018\/07\/00-copertina.jpg","width":1920,"height":1080},{"@type":"BreadcrumbList","@id":"https:\/\/studiodentisticovignoletti.it\/en\/parodontite-cose-quali-sono-i-sintomi-e-come-si-cura\/#breadcrumb","itemListElement":[{"@type":"ListItem","position":1,"name":"Home","item":"https:\/\/studiodentisticovignoletti.it\/en\/home\/"},{"@type":"ListItem","position":2,"name":"Parodontite: cos\u2019\u00e8, quali sono i sintomi e come si cura"}]},{"@type":"WebSite","@id":"https:\/\/studiodentisticovignoletti.it\/#website","url":"https:\/\/studiodentisticovignoletti.it\/","name":"Studio Dentistico Vignoletti","description":"Dentista Verona","publisher":{"@id":"https:\/\/studiodentisticovignoletti.it\/#organization"},"potentialAction":[{"@type":"SearchAction","target":{"@type":"EntryPoint","urlTemplate":"https:\/\/studiodentisticovignoletti.it\/?s={search_term_string}"},"query-input":{"@type":"PropertyValueSpecification","valueRequired":true,"valueName":"search_term_string"}}],"inLanguage":"en-US"},{"@type":"Organization","@id":"https:\/\/studiodentisticovignoletti.it\/#organization","name":"Studio Dentistico Vignoletti","url":"https:\/\/studiodentisticovignoletti.it\/","logo":{"@type":"ImageObject","inLanguage":"en-US","@id":"https:\/\/studiodentisticovignoletti.it\/#\/schema\/logo\/image\/","url":"http:\/\/studiodentisticovignoletti.it\/wp-content\/uploads\/2012\/10\/logo_sito_vignoletti_w.png","contentUrl":"http:\/\/studiodentisticovignoletti.it\/wp-content\/uploads\/2012\/10\/logo_sito_vignoletti_w.png","width":"692","height":"240","caption":"Studio Dentistico Vignoletti"},"image":{"@id":"https:\/\/studiodentisticovignoletti.it\/#\/schema\/logo\/image\/"}},{"@type":"Person","@id":"https:\/\/studiodentisticovignoletti.it\/#\/schema\/person\/757e07561153d03a97ae34f0e4ea2d1e","name":"gestione.sito","image":{"@type":"ImageObject","inLanguage":"en-US","@id":"https:\/\/studiodentisticovignoletti.it\/#\/schema\/person\/image\/","url":"https:\/\/secure.gravatar.com\/avatar\/02140b1c23a88b9e9b2733b9d8d028f4582e536850c8330330f3e09a815f805e?s=96&d=mm&r=g","contentUrl":"https:\/\/secure.gravatar.com\/avatar\/02140b1c23a88b9e9b2733b9d8d028f4582e536850c8330330f3e09a815f805e?s=96&d=mm&r=g","caption":"gestione.sito"},"url":"https:\/\/studiodentisticovignoletti.it\/en\/author\/gestione-sito\/"}]}},"_links":{"self":[{"href":"https:\/\/studiodentisticovignoletti.it\/en\/wp-json\/wp\/v2\/posts\/3129","targetHints":{"allow":["GET"]}}],"collection":[{"href":"https:\/\/studiodentisticovignoletti.it\/en\/wp-json\/wp\/v2\/posts"}],"about":[{"href":"https:\/\/studiodentisticovignoletti.it\/en\/wp-json\/wp\/v2\/types\/post"}],"author":[{"embeddable":true,"href":"https:\/\/studiodentisticovignoletti.it\/en\/wp-json\/wp\/v2\/users\/4"}],"replies":[{"embeddable":true,"href":"https:\/\/studiodentisticovignoletti.it\/en\/wp-json\/wp\/v2\/comments?post=3129"}],"version-history":[{"count":0,"href":"https:\/\/studiodentisticovignoletti.it\/en\/wp-json\/wp\/v2\/posts\/3129\/revisions"}],"wp:featuredmedia":[{"embeddable":true,"href":"https:\/\/studiodentisticovignoletti.it\/en\/wp-json\/wp\/v2\/media\/2799"}],"wp:attachment":[{"href":"https:\/\/studiodentisticovignoletti.it\/en\/wp-json\/wp\/v2\/media?parent=3129"}],"wp:term":[{"taxonomy":"category","embeddable":true,"href":"https:\/\/studiodentisticovignoletti.it\/en\/wp-json\/wp\/v2\/categories?post=3129"},{"taxonomy":"post_tag","embeddable":true,"href":"https:\/\/studiodentisticovignoletti.it\/en\/wp-json\/wp\/v2\/tags?post=3129"}],"curies":[{"name":"wp","href":"https:\/\/api.w.org\/{rel}","templated":true}]}}